{"id":162,"date":"2016-04-24T12:12:16","date_gmt":"2016-04-24T12:12:16","guid":{"rendered":"http:\/\/www.studiogelb.de\/mm\/MMBlogg\/?p=162"},"modified":"2021-05-23T18:41:35","modified_gmt":"2021-05-23T18:41:35","slug":"1-2-3-istanbul","status":"publish","type":"post","link":"http:\/\/www.studiogelb.de\/mm\/MMBlogg\/?p=162","title":{"rendered":"1-2-3 Istanbul"},"content":{"rendered":"<p><img loading=\"lazy\" decoding=\"async\" class=\"aligncenter wp-image-168 size-medium\" style=\"border: 1px solid black;\" title=\"1-2-3 Istanbul\" src=\"https:\/\/i0.wp.com\/www.studiogelb.de\/mm\/MMBlogg\/wp-content\/uploads\/2012\/04\/123Istanbul_header.jpg?resize=300%2C226\" alt=\"1-2-3 Istanbul\" width=\"300\" height=\"226\" srcset=\"https:\/\/i0.wp.com\/www.studiogelb.de\/mm\/MMBlogg\/wp-content\/uploads\/2012\/04\/123Istanbul_header.jpg?resize=300%2C226 300w, https:\/\/i0.wp.com\/www.studiogelb.de\/mm\/MMBlogg\/wp-content\/uploads\/2012\/04\/123Istanbul_header.jpg?resize=396%2C300 396w, https:\/\/i0.wp.com\/www.studiogelb.de\/mm\/MMBlogg\/wp-content\/uploads\/2012\/04\/123Istanbul_header.jpg?w=472 472w\" sizes=\"auto, (max-width: 300px) 100vw, 300px\" data-recalc-dims=\"1\" \/><\/p>\n<p><span style=\"font-family: tahoma,arial,helvetica,sans-serif; font-size: small;\">Im VW-Bulli von Berlin durch den S\u00fcdosten Europas nach Istanbul.<\/span><br \/>\n<span style=\"font-family: tahoma,arial,helvetica,sans-serif; font-size: small;\"> Balkan Bus Tour veranstaltet, nach dem grandiosen Erfolg von &#8222;1-2-3 Moskau&#8220; die zweite spannende Reise von Moderatorin Katrin Bauerfeind und Musiker Henning Wehland. <br \/>\n<\/span><span style=\"font-size: 10pt;\"><!--more\u21fe weiterlesen und zur Fotogallerie--><\/span><\/p>\n<p><span style=\"font-family: tahoma,arial,helvetica,sans-serif; font-size: small;\">Am Ende der 3000 km langen Tour und der Jagd nach Integrationspunkten winken dem Sieger, neben dem Monsta Balkan Bus Tour Pokal, die \u00dcbergabe eines t\u00fcrkischen Pass durch den Reiseleiter Friedrich Lichtenstein.<br \/>\nDer Musiker und Entertainer f\u00fchrt die beiden Kontrahenten durch kulturell verwirrte aber bedeutsame und landschaftlich bezaubernde Gegenden in Slowenien, Kroatien, Bosnien-Herzegowina, Montenegro, Albanien, Mazedonien und Bulgarien in Richtung T\u00fcrkei, an die Grenze Europas. Dabei treffen sie auf Schach K\u00f6niginen, Traditionalisten, Heilige und weniger Heilige, seltenen Wesen aus dunklen Tiefen, Religionsh\u00fctern, Arch\u00e4ologen und H\u00fcter goldener Masken, verlassene Indianer und explosive Brandl\u00f6scher.<br \/>\n<\/span><\/p>\n<p>&nbsp;<\/p>\n<p style=\"text-align: center;\"><a href=\"http:\/\/www.studiogelb.de\/mm\/MMBlogg\/?page_id=807\">FOTOGALLERIE &#8211; 1,2,3 Istanbul<br \/>\n<\/a><a href=\"http:\/\/www.studiogelb.de\/mm\/MMBlogg\/?page_id=807\"><img loading=\"lazy\" decoding=\"async\" class=\"aligncenter size-full wp-image-806\" src=\"https:\/\/i0.wp.com\/www.studiogelb.de\/mm\/MMBlogg\/wp-content\/uploads\/2015\/07\/123Istabul-Gallerie.jpg?resize=208%2C158\" alt=\"123Istabul-Gallerie\" width=\"208\" height=\"158\"  data-recalc-dims=\"1\"><\/a><a href=\"http:\/\/www.studiogelb.de\/mm\/MMBlogg\/?page_id=851\">FOTOGALLERIE &#8211; Istanbul Extra<\/a><br \/>\n<a href=\"http:\/\/www.studiogelb.de\/mm\/MMBlogg\/?page_id=851\"><img loading=\"lazy\" decoding=\"async\" class=\"aligncenter size-full wp-image-849\" src=\"https:\/\/i0.wp.com\/www.studiogelb.de\/mm\/MMBlogg\/wp-content\/uploads\/2015\/07\/IstanbulExtra-Gallerie.jpg?resize=158%2C158\" alt=\"IstanbulExtra-Gallerie\" width=\"158\" height=\"158\" srcset=\"https:\/\/i0.wp.com\/www.studiogelb.de\/mm\/MMBlogg\/wp-content\/uploads\/2015\/07\/IstanbulExtra-Gallerie.jpg?w=158 158w, https:\/\/i0.wp.com\/www.studiogelb.de\/mm\/MMBlogg\/wp-content\/uploads\/2015\/07\/IstanbulExtra-Gallerie.jpg?resize=150%2C150 150w\" sizes=\"auto, (max-width: 158px) 100vw, 158px\" data-recalc-dims=\"1\" \/><\/a><\/p>\n<p>&nbsp;<\/p>\n<p><span style=\"font-family: tahoma,arial,helvetica,sans-serif; font-size: small;\">Eine Monsta Movies Filmproduktion 2008<\/span><br \/>\n<span style=\"font-family: tahoma,arial,helvetica,sans-serif; font-size: small;\"> Tour buchen unter: <a href=\"http:\/\/www.123istanbul.de\" target=\"_blank\" rel=\"noopener\">www.123istanbul.de<\/a><\/span><\/p>\n<p><img loading=\"lazy\" decoding=\"async\" class=\"aligncenter wp-image-1867 size-full\" style=\"border: 0px solid #000000;\" src=\"https:\/\/i0.wp.com\/www.studiogelb.de\/mm\/MMBlogg\/wp-content\/uploads\/2016\/07\/design_element1raute.jpg?resize=190%2C38\" alt=\"design_element1raute\" width=\"190\" height=\"38\"  data-recalc-dims=\"1\"><\/p>\n<p style=\"text-align: center;\">Trailer: 1-2-3 Istanbul<\/p>\n<p style=\"text-align: center;\"><iframe loading=\"lazy\" src=\"https:\/\/www.youtube.com\/embed\/gT6CBm4edys\" allowfullscreen=\"allowfullscreen\" width=\"640\" height=\"390\" frameborder=\"0\"><\/iframe><\/p>\n<p>&nbsp;<\/p>\n<p>&nbsp;<\/p>\n<p style=\"text-align: center;\">&nbsp;<span style=\"font-family: tahoma,arial,helvetica,sans-serif; font-size: 10pt;\">Und hier noch der Trailer zum Vorg\u00e4nger: <span style=\"color: #ff6600;\">1-2-3 Moskau<\/span><\/span><\/p>\n<p style=\"text-align: center;\"><iframe loading=\"lazy\" src=\"https:\/\/www.youtube.com\/embed\/zJg2JloVVH4\" allowfullscreen=\"allowfullscreen\" width=\"640\" height=\"390\" frameborder=\"0\"><\/iframe><\/p>\n<p>&nbsp;<\/p>\n","protected":false},"excerpt":{"rendered":"<p>Im VW-Bulli von Berlin durch den S\u00fcdosten Europas nach Istanbul. Balkan Bus Tour veranstaltet, nach dem grandiosen Erfolg von &#8222;1-2-3 Moskau&#8220; die zweite spannende Reise von Moderatorin Katrin Bauerfeind und Musiker Henning Wehland.<\/p>\n","protected":false},"author":1,"featured_media":243,"comment_status":"closed","ping_status":"closed","sticky":false,"template":"","format":"standard","meta":{"ngg_post_thumbnail":0,"footnotes":""},"categories":[21],"tags":[22,23],"class_list":["post-162","post","type-post","status-publish","format-standard","has-post-thumbnail","hentry","category-1-2-3-istanbul","tag-123-istanbul","tag-balkan-bus-tour"],"jetpack_sharing_enabled":true,"jetpack_featured_media_url":"https:\/\/i0.wp.com\/www.studiogelb.de\/mm\/MMBlogg\/wp-content\/uploads\/2012\/05\/istan-articel.jpg?fit=1000%2C288","_links":{"self":[{"href":"http:\/\/www.studiogelb.de\/mm\/MMBlogg\/index.php?rest_route=\/wp\/v2\/posts\/162","targetHints":{"allow":["GET"]}}],"collection":[{"href":"http:\/\/www.studiogelb.de\/mm\/MMBlogg\/index.php?rest_route=\/wp\/v2\/posts"}],"about":[{"href":"http:\/\/www.studiogelb.de\/mm\/MMBlogg\/index.php?rest_route=\/wp\/v2\/types\/post"}],"author":[{"embeddable":true,"href":"http:\/\/www.studiogelb.de\/mm\/MMBlogg\/index.php?rest_route=\/wp\/v2\/users\/1"}],"replies":[{"embeddable":true,"href":"http:\/\/www.studiogelb.de\/mm\/MMBlogg\/index.php?rest_route=%2Fwp%2Fv2%2Fcomments&post=162"}],"version-history":[{"count":52,"href":"http:\/\/www.studiogelb.de\/mm\/MMBlogg\/index.php?rest_route=\/wp\/v2\/posts\/162\/revisions"}],"predecessor-version":[{"id":3413,"href":"http:\/\/www.studiogelb.de\/mm\/MMBlogg\/index.php?rest_route=\/wp\/v2\/posts\/162\/revisions\/3413"}],"wp:featuredmedia":[{"embeddable":true,"href":"http:\/\/www.studiogelb.de\/mm\/MMBlogg\/index.php?rest_route=\/wp\/v2\/media\/243"}],"wp:attachment":[{"href":"http:\/\/www.studiogelb.de\/mm\/MMBlogg\/index.php?rest_route=%2Fwp%2Fv2%2Fmedia&parent=162"}],"wp:term":[{"taxonomy":"category","embeddable":true,"href":"http:\/\/www.studiogelb.de\/mm\/MMBlogg\/index.php?rest_route=%2Fwp%2Fv2%2Fcategories&post=162"},{"taxonomy":"post_tag","embeddable":true,"href":"http:\/\/www.studiogelb.de\/mm\/MMBlogg\/index.php?rest_route=%2Fwp%2Fv2%2Ftags&post=162"}],"curies":[{"name":"wp","href":"https:\/\/api.w.org\/{rel}","templated":true}]}}