{"id":66,"date":"2012-03-21T15:37:02","date_gmt":"2012-03-21T15:37:02","guid":{"rendered":"http:\/\/www.studiogelb.de\/mm\/MMBlogg\/?p=66"},"modified":"2016-08-10T12:29:51","modified_gmt":"2016-08-10T12:29:51","slug":"nicht-der-suden","status":"publish","type":"post","link":"http:\/\/www.studiogelb.de\/mm\/MMBlogg\/?p=66","title":{"rendered":"Nicht der S\u00fcden"},"content":{"rendered":"<p><span style=\"font-family: tahoma, arial, helvetica, sans-serif; font-size: small;\"><img loading=\"lazy\" decoding=\"async\" class=\"aligncenter wp-image-95 size-medium\" style=\"border: 1px solid black;\" title=\"Nicht der S\u00fcden\" src=\"https:\/\/i0.wp.com\/www.studiogelb.de\/mm\/MMBlogg\/wp-content\/uploads\/2012\/03\/NDS1.jpg?resize=300%2C225\" alt=\"\" width=\"300\" height=\"225\" srcset=\"https:\/\/i0.wp.com\/www.studiogelb.de\/mm\/MMBlogg\/wp-content\/uploads\/2012\/03\/NDS1.jpg?resize=300%2C225 300w, https:\/\/i0.wp.com\/www.studiogelb.de\/mm\/MMBlogg\/wp-content\/uploads\/2012\/03\/NDS1.jpg?resize=400%2C300 400w, https:\/\/i0.wp.com\/www.studiogelb.de\/mm\/MMBlogg\/wp-content\/uploads\/2012\/03\/NDS1.jpg?w=800 800w\" sizes=\"auto, (max-width: 300px) 100vw, 300px\" data-recalc-dims=\"1\" \/><\/span><\/p>\n<p><span style=\"font-family: tahoma, arial, helvetica, sans-serif; font-size: small;\">Die beiden Berliner Schriftsteller Volker Str\u00fcbing und Kerstin Fuchs erfahren, nur mit Milchkaffe bewaffnet, auf der &#8222;Arctic Janus&#8220; von D\u00e4nemark \u00fcber F\u00e4r\u00f6er, Island, Jan Mayen nach Spitzbergen den Nordatlantik. <br \/>\n <\/span><span style=\"font-size: 10pt;\"><!--more\u21fe weiterlesen und zur Fotogallerie--><\/span><\/p>\n<p><span style=\"font-family: tahoma, arial, helvetica, sans-serif; font-size: small;\">Zugegeben die Strecke Seydisfj\u00f6rdur-Jan Mayen-Longyearbyen mussten wir aus Zeitgr\u00fcnden mit einen eigens f\u00fcr uns gecharterten Flugzeug zur\u00fccklegen. Schlechtwetterbedingt lagen wir l\u00e4nger als geplant im Hafen von Seydisfj\u00f6rdur. Doch ein zuf\u00e4lliger Kontakt in der hiesigen Sauna erm\u00f6glichte es uns auch diese Zeit zu nutzen und noch einen atemberaubenden Rundflug \u00fcber die isl\u00e4ndische Landschaft zu machen.<\/span><\/p>\n<p><span style=\"color: #000000; font-family: tahoma, arial, helvetica, sans-serif; font-size: small;\">&#8222;Die\u00a0Arctic Janus\u00a0ist ein Polarschiff, das urspr\u00fcnglich f\u00fcr Fahrten der d\u00e4nischen Seefahrtsbeh\u00f6rde in\u00a0gr\u00f6nl\u00e4ndischen Gew\u00e4ssern genutzt wurde. Sie gilt als das gr\u00f6\u00dfte einsatzf\u00e4hige Fracht- und Inspektionsschiff aus Eichenholz, das f\u00fcr Gr\u00f6nlandfahrten gebaut wurde und ist m\u00f6glicherweise sogar das einzige Holzschiff mit entsprechender Eisklasse\u00a0weltweit.&#8220;<span style=\"font-family: tahoma, arial, helvetica, sans-serif;\"><em><span style=\"font-size: xx-small;\"> (Quelle: wikipedia.org)<\/span><\/em><\/span><\/span><\/p>\n<p>&nbsp;<\/p>\n<p style=\"text-align: center;\"><a href=\"http:\/\/www.studiogelb.de\/mm\/MMBlogg\/?page_id=822\">FOTOGALLERIE &#8211; Island<\/a><br \/>\n <a href=\"http:\/\/www.studiogelb.de\/mm\/MMBlogg\/?page_id=822\"><img loading=\"lazy\" decoding=\"async\" class=\"aligncenter size-full wp-image-824\" src=\"https:\/\/i0.wp.com\/www.studiogelb.de\/mm\/MMBlogg\/wp-content\/uploads\/2015\/07\/Island-Gallerie.jpg?resize=208%2C158\" alt=\"Nicht der Sueden\" width=\"208\" height=\"158\" data-recalc-dims=\"1\" \/><\/a><\/p>\n<p style=\"text-align: center;\"><a href=\"http:\/\/www.studiogelb.de\/mm\/MMBlogg\/?page_id=827\">FOTOGALLERIE &#8211; Jan Mayen<\/a><br \/>\n <a href=\"http:\/\/www.studiogelb.de\/mm\/MMBlogg\/?page_id=827\"><img loading=\"lazy\" decoding=\"async\" class=\"aligncenter size-full wp-image-825\" src=\"https:\/\/i0.wp.com\/www.studiogelb.de\/mm\/MMBlogg\/wp-content\/uploads\/2015\/07\/JanMayen-Gallerie.jpg?resize=208%2C158\" alt=\"Nicht der Sueden\" width=\"208\" height=\"158\" data-recalc-dims=\"1\" \/><\/a><\/p>\n<p style=\"text-align: center;\"><a href=\"http:\/\/www.studiogelb.de\/mm\/MMBlogg\/?page_id=832\">FOTOGALLERIE &#8211; Spitzbergen<\/a><br \/>\n <a href=\"http:\/\/www.studiogelb.de\/mm\/MMBlogg\/?page_id=832\"><img loading=\"lazy\" decoding=\"async\" class=\"aligncenter size-full wp-image-826\" src=\"https:\/\/i0.wp.com\/www.studiogelb.de\/mm\/MMBlogg\/wp-content\/uploads\/2015\/07\/Spitzbergen-Gallerie.jpg?resize=208%2C158\" alt=\"Nicht der Sueden\" width=\"208\" height=\"158\" data-recalc-dims=\"1\" \/><\/a><\/p>\n<p style=\"text-align: center;\">\u00a0<\/p>\n<p><span style=\"font-family: tahoma, arial, helvetica, sans-serif; font-size: small;\">Eine Monsta Movies Filmproduktion 2008<br \/>\n <\/span><span style=\"font-family: tahoma, arial, helvetica, sans-serif;\"><span style=\"font-family: tahoma,arial,helvetica,sans-serif; font-size: small;\">mehr Infos unter: <a href=\"https:\/\/monstamovies.com\/2012\/02\/28\/nicht-der-suden\/\" target=\"_blank\">https:\/\/monstamovies.com\/2012\/02\/28\/nicht-der-suden\/<\/a><\/span><\/span><\/p>\n<p><img loading=\"lazy\" decoding=\"async\" class=\"aligncenter wp-image-1867 size-full\" style=\"border: 0px solid #000000;\" src=\"https:\/\/i0.wp.com\/www.studiogelb.de\/mm\/MMBlogg\/wp-content\/uploads\/2016\/07\/design_element1raute.jpg?resize=190%2C38\" alt=\"design_element1raute\" width=\"190\" height=\"38\" data-recalc-dims=\"1\" \/><\/p>\n<p style=\"text-align: center;\">Trailer:<\/p>\n<p style=\"text-align: center;\"><iframe loading=\"lazy\" src=\"https:\/\/www.youtube.com\/embed\/l4hZBYXkPCw\" width=\"640\" height=\"390\" frameborder=\"0\" allowfullscreen=\"allowfullscreen\"><\/iframe><\/p>\n<p>&nbsp;<\/p>\n","protected":false},"excerpt":{"rendered":"<p>Die beiden Berliner Schriftsteller Volker Str\u00fcbing und Kerstin Fuchs erfahren, nur mit Milchkaffe bewaffnet, auf der &#8222;Arctic Janus&#8220; von D\u00e4nemark \u00fcber F\u00e4r\u00f6er, Island, Jan Mayen nach Spitzbergen den Nordatlantik.<\/p>\n","protected":false},"author":1,"featured_media":246,"comment_status":"closed","ping_status":"closed","sticky":false,"template":"","format":"standard","meta":{"ngg_post_thumbnail":0,"footnotes":""},"categories":[6],"tags":[15,16,12,13,17,66,20,135,18,134,14,136],"class_list":["post-66","post","type-post","status-publish","format-standard","has-post-thumbnail","hentry","category-nicht-der-suden","tag-arctic-janus","tag-eisberg","tag-faroer","tag-jan-mayen","tag-longyearbyen","tag-nicht-der-suden","tag-nordpolarmeer","tag-ny-alesund","tag-pyramiden","tag-seydisfjoerdur","tag-spitzbergen","tag-svalbard"],"jetpack_sharing_enabled":true,"jetpack_featured_media_url":"https:\/\/i0.wp.com\/www.studiogelb.de\/mm\/MMBlogg\/wp-content\/uploads\/2012\/05\/NDS-articel.jpg?fit=1000%2C288","_links":{"self":[{"href":"http:\/\/www.studiogelb.de\/mm\/MMBlogg\/index.php?rest_route=\/wp\/v2\/posts\/66","targetHints":{"allow":["GET"]}}],"collection":[{"href":"http:\/\/www.studiogelb.de\/mm\/MMBlogg\/index.php?rest_route=\/wp\/v2\/posts"}],"about":[{"href":"http:\/\/www.studiogelb.de\/mm\/MMBlogg\/index.php?rest_route=\/wp\/v2\/types\/post"}],"author":[{"embeddable":true,"href":"http:\/\/www.studiogelb.de\/mm\/MMBlogg\/index.php?rest_route=\/wp\/v2\/users\/1"}],"replies":[{"embeddable":true,"href":"http:\/\/www.studiogelb.de\/mm\/MMBlogg\/index.php?rest_route=%2Fwp%2Fv2%2Fcomments&post=66"}],"version-history":[{"count":42,"href":"http:\/\/www.studiogelb.de\/mm\/MMBlogg\/index.php?rest_route=\/wp\/v2\/posts\/66\/revisions"}],"predecessor-version":[{"id":1929,"href":"http:\/\/www.studiogelb.de\/mm\/MMBlogg\/index.php?rest_route=\/wp\/v2\/posts\/66\/revisions\/1929"}],"wp:featuredmedia":[{"embeddable":true,"href":"http:\/\/www.studiogelb.de\/mm\/MMBlogg\/index.php?rest_route=\/wp\/v2\/media\/246"}],"wp:attachment":[{"href":"http:\/\/www.studiogelb.de\/mm\/MMBlogg\/index.php?rest_route=%2Fwp%2Fv2%2Fmedia&parent=66"}],"wp:term":[{"taxonomy":"category","embeddable":true,"href":"http:\/\/www.studiogelb.de\/mm\/MMBlogg\/index.php?rest_route=%2Fwp%2Fv2%2Fcategories&post=66"},{"taxonomy":"post_tag","embeddable":true,"href":"http:\/\/www.studiogelb.de\/mm\/MMBlogg\/index.php?rest_route=%2Fwp%2Fv2%2Ftags&post=66"}],"curies":[{"name":"wp","href":"https:\/\/api.w.org\/{rel}","templated":true}]}}